{"id":204,"date":"2025-10-10T22:11:59","date_gmt":"2025-10-10T20:11:59","guid":{"rendered":"https:\/\/loft.yoga\/blog\/?p=204"},"modified":"2025-10-10T22:11:59","modified_gmt":"2025-10-10T20:11:59","slug":"atelier-super-lune-%c2%a4-bougie-salutation-a-la-lune-et-apero-vegan-%c2%a4","status":"publish","type":"post","link":"http:\/\/loft.yoga\/blog\/2025\/10\/10\/atelier-super-lune-%c2%a4-bougie-salutation-a-la-lune-et-apero-vegan-%c2%a4\/","title":{"rendered":"Atelier Super Lune \u00a4 Bougie, Salutation \u00e0 la Lune et Ap\u00e9ro Vegan \u00a4"},"content":{"rendered":"<h4 style=\"text-align: left;\" data-start=\"292\" data-end=\"345\"><strong data-start=\"292\" data-end=\"343\">Jeudi 30 octobre \u00e0 18h30 \u2022 Dur\u00e9e : environ 2h30<\/strong><\/h4>\n<p data-start=\"347\" data-end=\"577\">Sous l\u2019\u00e9nergie apaisante de la <strong data-start=\"378\" data-end=\"392\">Super Lune<\/strong>, <strong><em data-start=\"394\" data-end=\"405\">LOFT YOGA<\/em><\/strong> et <em><strong>CAMLI&rsquo;ART<\/strong><\/em> t\u2019invitent \u00e0 une soir\u00e9e lumineuse et cr\u00e9ative, entre <strong data-start=\"457\" data-end=\"489\">rituel, mouvement et douceur<\/strong>.<\/p>\n<p data-start=\"347\" data-end=\"577\">Une exp\u00e9rience sensorielle pour te reconnecter \u00e0 toi-m\u00eame, au rythme de la lune \ud83d\udcab<\/p>\n<h3 data-start=\"584\" data-end=\"619\"><\/h3>\n<h3 data-start=\"584\" data-end=\"619\">\ud83d\udd6f Atelier Bougie d\u2019intention<\/h3>\n<p data-start=\"620\" data-end=\"913\">Nous d\u00e9buterons la soir\u00e9e par un <strong data-start=\"653\" data-end=\"672\">atelier cr\u00e9atif<\/strong> : la fabrication de ta <strong data-start=\"696\" data-end=\"718\">bougie d\u2019intention<\/strong>.\u00a0<br data-start=\"719\" data-end=\"722\" \/>Oph\u00e9lie de Cam\u00e9liart te guidera pour cr\u00e9er une bougie unique et symbolique \u00e0 base d&rsquo;\u00e9l\u00e9ments 100% v\u00e9g\u00e9tal ; cire de soja fabriqu\u00e9e en France et contenants en Eco-r\u00e9sine fabriqu\u00e9s par Claire de Cam\u00e9liart dans son atelier haut-rhinois.<br data-start=\"841\" data-end=\"844\" \/>\u2728 Tu repartiras avec ta cr\u00e9ation, charg\u00e9e de ton intention.<\/p>\n<h3 data-start=\"584\" data-end=\"619\"><img loading=\"lazy\" decoding=\"async\" class=\"size-medium wp-image-211 alignnone\" src=\"http:\/\/loft.yoga\/blog\/wp-content\/uploads\/2025\/10\/Cameliart01-1-200x300.jpg\" alt=\"\" width=\"200\" height=\"300\" srcset=\"http:\/\/loft.yoga\/blog\/wp-content\/uploads\/2025\/10\/Cameliart01-1-200x300.jpg 200w, http:\/\/loft.yoga\/blog\/wp-content\/uploads\/2025\/10\/Cameliart01-1-683x1024.jpg 683w, http:\/\/loft.yoga\/blog\/wp-content\/uploads\/2025\/10\/Cameliart01-1.jpg 720w\" sizes=\"auto, (max-width: 200px) 100vw, 200px\" \/><\/h3>\n<h3 data-start=\"584\" data-end=\"619\"><\/h3>\n<h3 data-start=\"920\" data-end=\"949\">\ud83c\udf19 Salutation \u00e0 la Lune<\/h3>\n<p data-start=\"950\" data-end=\"1213\">Nous continuerons avec une <strong data-start=\"970\" data-end=\"998\">pratique de yoga plac\u00e9e sous le signe de la lune<\/strong>, douce et introspective.<br data-start=\"1023\" data-end=\"1026\" \/>Un moment pour rel\u00e2cher, respirer, \u00e9couter ton corps et te laisser guider par la lumi\u00e8re de la lune.<br data-start=\"1126\" data-end=\"1129\" \/>Cette s\u00e9ance t\u2019aidera \u00e0 apaiser ton mental et \u00e0 retrouver ton \u00e9quilibre int\u00e9rieur.<\/p>\n<p data-start=\"620\" data-end=\"913\"><img loading=\"lazy\" decoding=\"async\" class=\"size-medium wp-image-209 alignnone\" src=\"http:\/\/loft.yoga\/blog\/wp-content\/uploads\/2025\/10\/Lune01-201x300.jpg\" alt=\"\" width=\"201\" height=\"300\" srcset=\"http:\/\/loft.yoga\/blog\/wp-content\/uploads\/2025\/10\/Lune01-201x300.jpg 201w, http:\/\/loft.yoga\/blog\/wp-content\/uploads\/2025\/10\/Lune01-687x1024.jpg 687w, http:\/\/loft.yoga\/blog\/wp-content\/uploads\/2025\/10\/Lune01.jpg 784w\" sizes=\"auto, (max-width: 201px) 100vw, 201px\" \/><\/p>\n<h3 data-start=\"920\" data-end=\"949\"><\/h3>\n<h3 data-start=\"1220\" data-end=\"1249\">\ud83e\udd51 V\u00e9gap\u00e9ro<\/h3>\n<p data-start=\"1250\" data-end=\"1447\">Nous cl\u00f4turerons cette parenth\u00e8se par un <strong data-start=\"1291\" data-end=\"1307\">ap\u00e9ro vegan<\/strong> convivial et color\u00e9.<br data-start=\"1328\" data-end=\"1331\" \/>Un temps d\u2019\u00e9change et de partage autour de saveurs v\u00e9g\u00e9tales de saison, pour nourrir \u00e0 la fois le corps et l\u2019\u00e2me.<\/p>\n<h3 data-start=\"1220\" data-end=\"1249\"><img loading=\"lazy\" decoding=\"async\" class=\"size-medium wp-image-210 alignnone\" src=\"http:\/\/loft.yoga\/blog\/wp-content\/uploads\/2025\/10\/Apero-vegan-automne-201x300.jpg\" alt=\"\" width=\"201\" height=\"300\" srcset=\"http:\/\/loft.yoga\/blog\/wp-content\/uploads\/2025\/10\/Apero-vegan-automne-201x300.jpg 201w, http:\/\/loft.yoga\/blog\/wp-content\/uploads\/2025\/10\/Apero-vegan-automne-687x1024.jpg 687w, http:\/\/loft.yoga\/blog\/wp-content\/uploads\/2025\/10\/Apero-vegan-automne.jpg 784w\" sizes=\"auto, (max-width: 201px) 100vw, 201px\" \/><\/h3>\n<h3 data-start=\"1220\" data-end=\"1249\">Ne tarde pas \u00e0 t\u2019inscrire, nous ne serons qu\u2019un petit cercle de 10 \u00eatres \ud83d\udcab<\/h3>\n<p data-start=\"1250\" data-end=\"1447\">\n<p style=\"text-align: center;\" data-start=\"620\" data-end=\"913\">\t<div class=\"asp_product_item\">\n\t\t<div class=\"asp_product_item_top\">\n\t\t<div class=\"asp_product_item_thumbnail\">\n\t\t\t\n\t\t<\/div>\n\t\t<div class=\"asp_product_name\">\n\t\t\tAtelier cr\u00e9ation bougie, salutation \u00e0 la lune & Ap\u00e9ro V\u00e9gan\n\t\t<\/div>\n\t\t<\/div>\n\t\t<div style=\"clear:both;\"><\/div>\n\t\t<div class=\"asp_product_description\">\n\t\t<p data-start=\"553\" data-end=\"625\">Un moment pour ralentir, respirer et t\u2019aligner avec l\u2019\u00e9nergie lunaire.<\/p>\n<p data-start=\"632\" data-end=\"712\">\ud83d\udccd loft.yoga \u2013 Mulhouse<br data-start=\"655\" data-end=\"658\" \/>\u23f0 Jeudi 30 septembre \u00e0 18h30<br data-start=\"684\" data-end=\"687\" \/>\u23f3 Dur\u00e9e : environ 2h30<\/p>\n\n\t\t<\/div>\n\t\t<div class=\"asp_price_container\">\n\t\t<span class=\"asp_price_amount\">50\u20ac<\/span> <span class=\"asp_new_price_amount\"><\/span> <span class=\"asp_quantity\"><\/span>\n\t\t<div class=\"asp_under_price_line\"><\/div>\n\t\t<\/div>\n\t\t<div class=\"asp_product_buy_button\">\n\t\t<div class=\"asp-processing-cont\" style=\"display:none;\"><span class=\"asp-processing\">Processing <i>.<\/i><i>.<\/i><i>.<\/i><\/span><\/div><form id=\"asp_ng_form_069f5c41268dd3\" class=\"asp-stripe-form\" action=\"\"  method=\"POST\"> <input type=\"hidden\" name=\"asp_product_id\" value=\"203\" \/><div class=\"asp-child-hidden-fields\" style=\"display: none !important;\"><\/div><\/form><div id=\"asp-all-buttons-container-069f5c41268dd3\" class=\"asp_all_buttons_container\"><div class=\"asp_product_buy_btn_container\"><button id=\"asp_ng_button_069f5c41268dd3\" type=\"submit\" class=\"asp_product_buy_btn blue\" ><span>Acheter maintenant<\/span><\/button><\/div><noscript>Stripe Payments n\u00e9cessite que Javascript soit pris en charge par le navigateur pour fonctionner.<\/noscript><\/div><div id=\"asp-btn-spinner-container-069f5c41268dd3\" class=\"asp-btn-spinner-container\" style=\"display: none !important\"><div class=\"asp-btn-spinner\"><div><\/div><div><\/div><div><\/div><div><\/div><\/div><\/div><script>var asp_data_069f5c41268dd3 = {\"is_live\":true,\"product_id\":203,\"iframe_url\":\"http:\\\/\\\/loft.yoga\\\/blog\\\/asp-payment-box\\\/?product_id=203\",\"button_key\":\"31eba864ff915e96db24ebfb3e689cb3\",\"item_price\":5000,\"quantity\":1,\"custom_quantity\":\"\",\"description\":\"Cr\\u00e9e ta bougie, honore la Lune, savoure un ap\\u00e9ro v\\u00e9gan.\",\"descrGenerated\":false,\"shipping\":0,\"tax\":0,\"image\":\"\",\"currency\":\"EUR\",\"currency_variable\":\"\",\"locale\":\"auto\",\"name\":\"Atelier cr\\u00e9ation bougie, salutation \\u00e0 la lune & Ap\\u00e9ro V\\u00e9gan\",\"url\":\"\",\"amount\":5000,\"billingAddress\":false,\"shippingAddress\":false,\"customer_email\":\"\",\"uniq_id\":\"069f5c41268dd3\",\"variable\":false,\"zeroCents\":[\"JPY\",\"MGA\",\"VND\",\"KRW\"],\"addonHooks\":[],\"button_text\":\"Acheter maintenant\",\"out_of_stock\":false,\"stock_control_enabled\":false,\"stock_items\":0,\"currencyFormat\":{\"c\":0,\"d\":\".\",\"t\":\",\",\"s\":\"\\u20ac\",\"pos\":\"right\"},\"displayStr\":{\"tax\":\"%s (tva)\",\"ship\":\"%s (livraison)\"},\"thankyou_page_url\":\"\",\"show_custom_amount_input\":false};if(typeof jQuery!==\"undefined\") {jQuery(document).ready(function() {new stripeHandlerNG(asp_data_069f5c41268dd3);});} else { if (typeof wpaspInitOnDocReady===\"undefined\") {var wpaspInitOnDocReady=[];} wpaspInitOnDocReady.push(asp_data_069f5c41268dd3);}<\/script>\n\t\t<\/div>\n\t<\/div>\n\t<\/p>\n<p data-start=\"620\" data-end=\"913\">\n","protected":false},"excerpt":{"rendered":"<p>Atelier cr\u00e9ation bougie, salutation \u00e0 la lune &#038; Ap\u00e9ro V\u00e9gan Un moment pour ralentir, respirer et t\u2019aligner avec l\u2019\u00e9nergie lunaire. \ud83d\udccd loft.yoga \u2013 Mulhouse\u23f0 Jeudi 30 septembre \u00e0 18h30\u23f3 Dur\u00e9e : environ 2h30 50\u20ac<\/p>\n","protected":false},"author":1,"featured_media":0,"comment_status":"open","ping_status":"open","sticky":false,"template":"","format":"standard","meta":{"footnotes":""},"categories":[1],"tags":[],"class_list":["post-204","post","type-post","status-publish","format-standard","hentry","category-non-classe"],"_links":{"self":[{"href":"http:\/\/loft.yoga\/blog\/wp-json\/wp\/v2\/posts\/204","targetHints":{"allow":["GET"]}}],"collection":[{"href":"http:\/\/loft.yoga\/blog\/wp-json\/wp\/v2\/posts"}],"about":[{"href":"http:\/\/loft.yoga\/blog\/wp-json\/wp\/v2\/types\/post"}],"author":[{"embeddable":true,"href":"http:\/\/loft.yoga\/blog\/wp-json\/wp\/v2\/users\/1"}],"replies":[{"embeddable":true,"href":"http:\/\/loft.yoga\/blog\/wp-json\/wp\/v2\/comments?post=204"}],"version-history":[{"count":14,"href":"http:\/\/loft.yoga\/blog\/wp-json\/wp\/v2\/posts\/204\/revisions"}],"predecessor-version":[{"id":225,"href":"http:\/\/loft.yoga\/blog\/wp-json\/wp\/v2\/posts\/204\/revisions\/225"}],"wp:attachment":[{"href":"http:\/\/loft.yoga\/blog\/wp-json\/wp\/v2\/media?parent=204"}],"wp:term":[{"taxonomy":"category","embeddable":true,"href":"http:\/\/loft.yoga\/blog\/wp-json\/wp\/v2\/categories?post=204"},{"taxonomy":"post_tag","embeddable":true,"href":"http:\/\/loft.yoga\/blog\/wp-json\/wp\/v2\/tags?post=204"}],"curies":[{"name":"wp","href":"https:\/\/api.w.org\/{rel}","templated":true}]}}